{"id":1596,"date":"2023-06-06T11:36:00","date_gmt":"2023-06-06T09:36:00","guid":{"rendered":"https:\/\/balo.k8s.pleiadiinternational.com\/?p=1596"},"modified":"2024-05-28T11:41:07","modified_gmt":"2024-05-28T09:41:07","slug":"balo-sulle-colline","status":"publish","type":"post","link":"https:\/\/www.balo.it\/en\/eventi\/balo-sulle-colline\/","title":{"rendered":"Bal\u00f2 sulle colline"},"content":{"rendered":"<div data-elementor-type=\"wp-post\" data-elementor-id=\"1596\" class=\"elementor elementor-1596\" data-elementor-post-type=\"post\">\n\t\t\t\t<div class=\"elementor-element elementor-element-567acdb e-flex e-con-boxed e-con e-parent\" data-id=\"567acdb\" data-element_type=\"container\">\n\t\t\t\t\t<div class=\"e-con-inner\">\n\t\t\t\t<div class=\"elementor-element elementor-element-e14f533 elementor-widget elementor-widget-text-editor\" data-id=\"e14f533\" data-element_type=\"widget\" data-widget_type=\"text-editor.default\">\n\t\t\t\t<div class=\"elementor-widget-container\">\n\t\t\t\t\t\t\t\t\t<div class=\"wpb_text_column wpb_content_element\"><div class=\"wpb_wrapper\"><p class=\" translation-block\">Dear friends, <br>\nI hope you are all well, given the situation that Cesena and the entire Romagna region have experienced and are still experiencing.<br>\nI am writing to invite you to our usual summer event, a <b>special event<\/b> to help both the <b>Bal\u00f2 school<\/b> in Calcutta and <b>those affected by the flood.<\/b><\/p><p class=\" translation-block\">For this reason, we have decided to donate a portion of the proceeds from the evening to the \"<b>Cucine Popolari di Cesena<\/b>\", the initiative that provides meals to those in need and unfortunately suffered serious damage from the recent flood.<\/p><\/div><\/div><div class=\"wpb_text_column wpb_content_element\"><div class=\"wpb_wrapper\"><p class=\" translation-block\">To participate in the event, <b>a contribution of 45\u20ac<\/b> is required.<br>\nTo make the contribution payment, we kindly ask you to make a bank transfer to the following account:<br>\n<b>Associazione Bal\u00f2 ODV<br>\nIBAN: IT06F0623023934000030097089<\/b><\/p><p class=\" translation-block\">We look forward to seeing you on Friday, June 23, 2023, at 8:30 PM at \"Il Fabbrolo,\" located at Via Provinciale Diolaguardia, 2350 in Roncofreddo.<br>\nIt will be an unforgettable experience full of emotions, fun, and solidarity. <b>For information and reservations, call 3472404611.<\/b><\/p><p class=\" translation-block\">Together we can do a lot. We trust in you and look forward to welcoming you with open arms. See you soon!<br>\n<i>Elisabetta, founder of Bal\u00f2<\/i><\/p><\/div><\/div>\t\t\t\t\t\t\t\t<\/div>\n\t\t\t\t<\/div>\n\t\t<div class=\"elementor-element elementor-element-494e05f e-flex e-con-boxed e-con e-child\" data-id=\"494e05f\" data-element_type=\"container\">\n\t\t\t\t\t<div class=\"e-con-inner\">\n\t\t\t\t<div class=\"elementor-element elementor-element-0dd6614 elementor-widget elementor-widget-button\" data-id=\"0dd6614\" data-element_type=\"widget\" data-widget_type=\"button.default\">\n\t\t\t\t<div class=\"elementor-widget-container\">\n\t\t\t\t\t\t\t\t\t<div class=\"elementor-button-wrapper\">\n\t\t\t\t\t<a class=\"elementor-button elementor-button-link elementor-size-sm\" href=\"https:\/\/www.balo.it\/wp-content\/uploads\/2024\/05\/balo_sulle_colline_fabbrolo.jpeg\" target=\"_blank\">\n\t\t\t\t\t\t<span class=\"elementor-button-content-wrapper\">\n\t\t\t\t\t\t\t\t\t<span class=\"elementor-button-text\">Event poster<\/span>\n\t\t\t\t\t<\/span>\n\t\t\t\t\t<\/a>\n\t\t\t\t<\/div>\n\t\t\t\t\t\t\t\t<\/div>\n\t\t\t\t<\/div>\n\t\t\t\t<div class=\"elementor-element elementor-element-8e52179 elementor-widget elementor-widget-button\" data-id=\"8e52179\" data-element_type=\"widget\" data-widget_type=\"button.default\">\n\t\t\t\t<div class=\"elementor-widget-container\">\n\t\t\t\t\t\t\t\t\t<div class=\"elementor-button-wrapper\">\n\t\t\t\t\t<a class=\"elementor-button elementor-button-link elementor-size-sm\" href=\"https:\/\/www.balo.it\/en\/contattaci\/\">\n\t\t\t\t\t\t<span class=\"elementor-button-content-wrapper\">\n\t\t\t\t\t\t\t\t\t<span class=\"elementor-button-text\">Request information<\/span>\n\t\t\t\t\t<\/span>\n\t\t\t\t\t<\/a>\n\t\t\t\t<\/div>\n\t\t\t\t\t\t\t\t<\/div>\n\t\t\t\t<\/div>\n\t\t\t\t\t<\/div>\n\t\t\t\t<\/div>\n\t\t\t\t\t<\/div>\n\t\t\t\t<\/div>\n\t\t\t\t<\/div>","protected":false},"excerpt":{"rendered":"<p>Vi aspettiamo venerd\u00ec 23 giugno 2023 alle ore 20.30 presso \u201cIl Fabbrolo\u201d, situato in Via Provinciale Diolaguardia, 2350 a Roncofreddo.<\/p>\n<p>Sar\u00e0 un\u2019esperienza indimenticabile ricca di emozioni, divertimento e solidariet\u00e0. Per info e prenotazioni chiama il numero 3472404611.<\/p>","protected":false},"author":1,"featured_media":1597,"comment_status":"closed","ping_status":"open","sticky":false,"template":"","format":"standard","meta":{"_acf_changed":false,"site-sidebar-layout":"default","site-content-layout":"","ast-site-content-layout":"default","site-content-style":"default","site-sidebar-style":"default","ast-global-header-display":"","ast-banner-title-visibility":"","ast-main-header-display":"","ast-hfb-above-header-display":"","ast-hfb-below-header-display":"","ast-hfb-mobile-header-display":"","site-post-title":"","ast-breadcrumbs-content":"","ast-featured-img":"","footer-sml-layout":"","theme-transparent-header-meta":"","adv-header-id-meta":"","stick-header-meta":"","header-above-stick-meta":"","header-main-stick-meta":"","header-below-stick-meta":"","astra-migrate-meta-layouts":"set","ast-page-background-enabled":"default","ast-page-background-meta":{"desktop":{"background-color":"var(--ast-global-color-4)","background-image":"","background-repeat":"repeat","background-position":"center center","background-size":"auto","background-attachment":"scroll","background-type":"","background-media":"","overlay-type":"","overlay-color":"","overlay-opacity":"","overlay-gradient":""},"tablet":{"background-color":"","background-image":"","background-repeat":"repeat","background-position":"center center","background-size":"auto","background-attachment":"scroll","background-type":"","background-media":"","overlay-type":"","overlay-color":"","overlay-opacity":"","overlay-gradient":""},"mobile":{"background-color":"","background-image":"","background-repeat":"repeat","background-position":"center center","background-size":"auto","background-attachment":"scroll","background-type":"","background-media":"","overlay-type":"","overlay-color":"","overlay-opacity":"","overlay-gradient":""}},"ast-content-background-meta":{"desktop":{"background-color":"var(--ast-global-color-5)","background-image":"","background-repeat":"repeat","background-position":"center center","background-size":"auto","background-attachment":"scroll","background-type":"","background-media":"","overlay-type":"","overlay-color":"","overlay-opacity":"","overlay-gradient":""},"tablet":{"background-color":"var(--ast-global-color-5)","background-image":"","background-repeat":"repeat","background-position":"center center","background-size":"auto","background-attachment":"scroll","background-type":"","background-media":"","overlay-type":"","overlay-color":"","overlay-opacity":"","overlay-gradient":""},"mobile":{"background-color":"var(--ast-global-color-5)","background-image":"","background-repeat":"repeat","background-position":"center center","background-size":"auto","background-attachment":"scroll","background-type":"","background-media":"","overlay-type":"","overlay-color":"","overlay-opacity":"","overlay-gradient":""}},"footnotes":""},"categories":[13],"tags":[],"class_list":["post-1596","post","type-post","status-publish","format-standard","has-post-thumbnail","hentry","category-eventi"],"acf":[],"yoast_head":"<!-- This site is optimized with the Yoast SEO plugin v25.6 - https:\/\/yoast.com\/wordpress\/plugins\/seo\/ -->\n<title>Bal\u00f2 sulle colline - Bal\u00f2<\/title>\n<meta name=\"robots\" content=\"index, follow, max-snippet:-1, max-image-preview:large, max-video-preview:-1\" \/>\n<link rel=\"canonical\" href=\"https:\/\/www.balo.it\/en\/eventi\/balo-sulle-colline\/\" \/>\n<meta property=\"og:locale\" content=\"en_GB\" \/>\n<meta property=\"og:type\" content=\"article\" \/>\n<meta property=\"og:title\" content=\"Bal\u00f2 sulle colline - Bal\u00f2\" \/>\n<meta property=\"og:description\" content=\"Vi aspettiamo venerd\u00ec 23 giugno 2023 alle ore 20.30 presso \u201cIl Fabbrolo\u201d, situato in Via Provinciale Diolaguardia, 2350 a Roncofreddo. Sar\u00e0 un\u2019esperienza indimenticabile ricca di emozioni, divertimento e solidariet\u00e0. Per info e prenotazioni chiama il numero 3472404611.\" \/>\n<meta property=\"og:url\" content=\"https:\/\/www.balo.it\/en\/eventi\/balo-sulle-colline\/\" \/>\n<meta property=\"og:site_name\" content=\"Bal\u00f2\" \/>\n<meta property=\"article:published_time\" content=\"2023-06-06T09:36:00+00:00\" \/>\n<meta property=\"article:modified_time\" content=\"2024-05-28T09:41:07+00:00\" \/>\n<meta property=\"og:image\" content=\"https:\/\/www.balo.it\/wp-content\/uploads\/2024\/05\/balo_sulle_colline_fabbrolo.jpeg\" \/>\n\t<meta property=\"og:image:width\" content=\"300\" \/>\n\t<meta property=\"og:image:height\" content=\"300\" \/>\n\t<meta property=\"og:image:type\" content=\"image\/jpeg\" \/>\n<meta name=\"author\" content=\"admin\" \/>\n<meta name=\"twitter:card\" content=\"summary_large_image\" \/>\n<meta name=\"twitter:label1\" content=\"Written by\" \/>\n\t<meta name=\"twitter:data1\" content=\"admin\" \/>\n\t<meta name=\"twitter:label2\" content=\"Estimated reading time\" \/>\n\t<meta name=\"twitter:data2\" content=\"1 minute\" \/>\n<script type=\"application\/ld+json\" class=\"yoast-schema-graph\">{\"@context\":\"https:\/\/schema.org\",\"@graph\":[{\"@type\":\"Article\",\"@id\":\"https:\/\/www.balo.it\/eventi\/balo-sulle-colline\/#article\",\"isPartOf\":{\"@id\":\"https:\/\/www.balo.it\/eventi\/balo-sulle-colline\/\"},\"author\":{\"name\":\"admin\",\"@id\":\"https:\/\/www.balo.it\/#\/schema\/person\/9854f3650eab7e4334e66d22de09296a\"},\"headline\":\"Bal\u00f2 sulle colline\",\"datePublished\":\"2023-06-06T09:36:00+00:00\",\"dateModified\":\"2024-05-28T09:41:07+00:00\",\"mainEntityOfPage\":{\"@id\":\"https:\/\/www.balo.it\/eventi\/balo-sulle-colline\/\"},\"wordCount\":175,\"publisher\":{\"@id\":\"https:\/\/www.balo.it\/#organization\"},\"image\":{\"@id\":\"https:\/\/www.balo.it\/eventi\/balo-sulle-colline\/#primaryimage\"},\"thumbnailUrl\":\"https:\/\/www.balo.it\/wp-content\/uploads\/2024\/05\/balo_sulle_colline_fabbrolo.jpeg\",\"articleSection\":[\"Eventi\"],\"inLanguage\":\"en-GB\"},{\"@type\":\"WebPage\",\"@id\":\"https:\/\/www.balo.it\/eventi\/balo-sulle-colline\/\",\"url\":\"https:\/\/www.balo.it\/eventi\/balo-sulle-colline\/\",\"name\":\"Bal\u00f2 sulle colline - Bal\u00f2\",\"isPartOf\":{\"@id\":\"https:\/\/www.balo.it\/#website\"},\"primaryImageOfPage\":{\"@id\":\"https:\/\/www.balo.it\/eventi\/balo-sulle-colline\/#primaryimage\"},\"image\":{\"@id\":\"https:\/\/www.balo.it\/eventi\/balo-sulle-colline\/#primaryimage\"},\"thumbnailUrl\":\"https:\/\/www.balo.it\/wp-content\/uploads\/2024\/05\/balo_sulle_colline_fabbrolo.jpeg\",\"datePublished\":\"2023-06-06T09:36:00+00:00\",\"dateModified\":\"2024-05-28T09:41:07+00:00\",\"breadcrumb\":{\"@id\":\"https:\/\/www.balo.it\/eventi\/balo-sulle-colline\/#breadcrumb\"},\"inLanguage\":\"en-GB\",\"potentialAction\":[{\"@type\":\"ReadAction\",\"target\":[\"https:\/\/www.balo.it\/eventi\/balo-sulle-colline\/\"]}]},{\"@type\":\"ImageObject\",\"inLanguage\":\"en-GB\",\"@id\":\"https:\/\/www.balo.it\/eventi\/balo-sulle-colline\/#primaryimage\",\"url\":\"https:\/\/www.balo.it\/wp-content\/uploads\/2024\/05\/balo_sulle_colline_fabbrolo.jpeg\",\"contentUrl\":\"https:\/\/www.balo.it\/wp-content\/uploads\/2024\/05\/balo_sulle_colline_fabbrolo.jpeg\",\"width\":300,\"height\":300},{\"@type\":\"BreadcrumbList\",\"@id\":\"https:\/\/www.balo.it\/eventi\/balo-sulle-colline\/#breadcrumb\",\"itemListElement\":[{\"@type\":\"ListItem\",\"position\":1,\"name\":\"Home\",\"item\":\"https:\/\/www.balo.it\/\"},{\"@type\":\"ListItem\",\"position\":2,\"name\":\"Bal\u00f2 sulle colline\"}]},{\"@type\":\"WebSite\",\"@id\":\"https:\/\/www.balo.it\/#website\",\"url\":\"https:\/\/www.balo.it\/\",\"name\":\"Bal\u00f2\",\"description\":\"\",\"publisher\":{\"@id\":\"https:\/\/www.balo.it\/#organization\"},\"potentialAction\":[{\"@type\":\"SearchAction\",\"target\":{\"@type\":\"EntryPoint\",\"urlTemplate\":\"https:\/\/www.balo.it\/?s={search_term_string}\"},\"query-input\":{\"@type\":\"PropertyValueSpecification\",\"valueRequired\":true,\"valueName\":\"search_term_string\"}}],\"inLanguage\":\"en-GB\"},{\"@type\":\"Organization\",\"@id\":\"https:\/\/www.balo.it\/#organization\",\"name\":\"Bal\u00f2\",\"url\":\"https:\/\/www.balo.it\/\",\"logo\":{\"@type\":\"ImageObject\",\"inLanguage\":\"en-GB\",\"@id\":\"https:\/\/www.balo.it\/#\/schema\/logo\/image\/\",\"url\":\"https:\/\/www.balo.it\/wp-content\/uploads\/2024\/05\/Balo_odv_bollino.png\",\"contentUrl\":\"https:\/\/www.balo.it\/wp-content\/uploads\/2024\/05\/Balo_odv_bollino.png\",\"width\":1922,\"height\":1921,\"caption\":\"Bal\u00f2\"},\"image\":{\"@id\":\"https:\/\/www.balo.it\/#\/schema\/logo\/image\/\"}},{\"@type\":\"Person\",\"@id\":\"https:\/\/www.balo.it\/#\/schema\/person\/9854f3650eab7e4334e66d22de09296a\",\"name\":\"admin\",\"image\":{\"@type\":\"ImageObject\",\"inLanguage\":\"en-GB\",\"@id\":\"https:\/\/www.balo.it\/#\/schema\/person\/image\/\",\"url\":\"https:\/\/secure.gravatar.com\/avatar\/7099061f845c777f9c8ac3e72786f0e72a923a593055c0b3d9795c14856c58f4?s=96&d=mm&r=g\",\"contentUrl\":\"https:\/\/secure.gravatar.com\/avatar\/7099061f845c777f9c8ac3e72786f0e72a923a593055c0b3d9795c14856c58f4?s=96&d=mm&r=g\",\"caption\":\"admin\"},\"sameAs\":[\"http:\/\/www.balo.it\"],\"url\":\"https:\/\/www.balo.it\/en\/author\/admin\/\"}]}<\/script>\n<!-- \/ Yoast SEO plugin. -->","yoast_head_json":{"title":"Bal\u00f2 sulle colline - Bal\u00f2","robots":{"index":"index","follow":"follow","max-snippet":"max-snippet:-1","max-image-preview":"max-image-preview:large","max-video-preview":"max-video-preview:-1"},"canonical":"https:\/\/www.balo.it\/en\/eventi\/balo-sulle-colline\/","og_locale":"en_GB","og_type":"article","og_title":"Bal\u00f2 sulle colline - Bal\u00f2","og_description":"Vi aspettiamo venerd\u00ec 23 giugno 2023 alle ore 20.30 presso \u201cIl Fabbrolo\u201d, situato in Via Provinciale Diolaguardia, 2350 a Roncofreddo. Sar\u00e0 un\u2019esperienza indimenticabile ricca di emozioni, divertimento e solidariet\u00e0. Per info e prenotazioni chiama il numero 3472404611.","og_url":"https:\/\/www.balo.it\/en\/eventi\/balo-sulle-colline\/","og_site_name":"Bal\u00f2","article_published_time":"2023-06-06T09:36:00+00:00","article_modified_time":"2024-05-28T09:41:07+00:00","og_image":[{"width":300,"height":300,"url":"https:\/\/www.balo.it\/wp-content\/uploads\/2024\/05\/balo_sulle_colline_fabbrolo.jpeg","type":"image\/jpeg"}],"author":"admin","twitter_card":"summary_large_image","twitter_misc":{"Written by":"admin","Estimated reading time":"1 minute"},"schema":{"@context":"https:\/\/schema.org","@graph":[{"@type":"Article","@id":"https:\/\/www.balo.it\/eventi\/balo-sulle-colline\/#article","isPartOf":{"@id":"https:\/\/www.balo.it\/eventi\/balo-sulle-colline\/"},"author":{"name":"admin","@id":"https:\/\/www.balo.it\/#\/schema\/person\/9854f3650eab7e4334e66d22de09296a"},"headline":"Bal\u00f2 sulle colline","datePublished":"2023-06-06T09:36:00+00:00","dateModified":"2024-05-28T09:41:07+00:00","mainEntityOfPage":{"@id":"https:\/\/www.balo.it\/eventi\/balo-sulle-colline\/"},"wordCount":175,"publisher":{"@id":"https:\/\/www.balo.it\/#organization"},"image":{"@id":"https:\/\/www.balo.it\/eventi\/balo-sulle-colline\/#primaryimage"},"thumbnailUrl":"https:\/\/www.balo.it\/wp-content\/uploads\/2024\/05\/balo_sulle_colline_fabbrolo.jpeg","articleSection":["Eventi"],"inLanguage":"en-GB"},{"@type":"WebPage","@id":"https:\/\/www.balo.it\/eventi\/balo-sulle-colline\/","url":"https:\/\/www.balo.it\/eventi\/balo-sulle-colline\/","name":"Bal\u00f2 sulle colline - Bal\u00f2","isPartOf":{"@id":"https:\/\/www.balo.it\/#website"},"primaryImageOfPage":{"@id":"https:\/\/www.balo.it\/eventi\/balo-sulle-colline\/#primaryimage"},"image":{"@id":"https:\/\/www.balo.it\/eventi\/balo-sulle-colline\/#primaryimage"},"thumbnailUrl":"https:\/\/www.balo.it\/wp-content\/uploads\/2024\/05\/balo_sulle_colline_fabbrolo.jpeg","datePublished":"2023-06-06T09:36:00+00:00","dateModified":"2024-05-28T09:41:07+00:00","breadcrumb":{"@id":"https:\/\/www.balo.it\/eventi\/balo-sulle-colline\/#breadcrumb"},"inLanguage":"en-GB","potentialAction":[{"@type":"ReadAction","target":["https:\/\/www.balo.it\/eventi\/balo-sulle-colline\/"]}]},{"@type":"ImageObject","inLanguage":"en-GB","@id":"https:\/\/www.balo.it\/eventi\/balo-sulle-colline\/#primaryimage","url":"https:\/\/www.balo.it\/wp-content\/uploads\/2024\/05\/balo_sulle_colline_fabbrolo.jpeg","contentUrl":"https:\/\/www.balo.it\/wp-content\/uploads\/2024\/05\/balo_sulle_colline_fabbrolo.jpeg","width":300,"height":300},{"@type":"BreadcrumbList","@id":"https:\/\/www.balo.it\/eventi\/balo-sulle-colline\/#breadcrumb","itemListElement":[{"@type":"ListItem","position":1,"name":"Home","item":"https:\/\/www.balo.it\/"},{"@type":"ListItem","position":2,"name":"Bal\u00f2 sulle colline"}]},{"@type":"WebSite","@id":"https:\/\/www.balo.it\/#website","url":"https:\/\/www.balo.it\/","name":"Bal\u00f2","description":"","publisher":{"@id":"https:\/\/www.balo.it\/#organization"},"potentialAction":[{"@type":"SearchAction","target":{"@type":"EntryPoint","urlTemplate":"https:\/\/www.balo.it\/?s={search_term_string}"},"query-input":{"@type":"PropertyValueSpecification","valueRequired":true,"valueName":"search_term_string"}}],"inLanguage":"en-GB"},{"@type":"Organization","@id":"https:\/\/www.balo.it\/#organization","name":"Bal\u00f2","url":"https:\/\/www.balo.it\/","logo":{"@type":"ImageObject","inLanguage":"en-GB","@id":"https:\/\/www.balo.it\/#\/schema\/logo\/image\/","url":"https:\/\/www.balo.it\/wp-content\/uploads\/2024\/05\/Balo_odv_bollino.png","contentUrl":"https:\/\/www.balo.it\/wp-content\/uploads\/2024\/05\/Balo_odv_bollino.png","width":1922,"height":1921,"caption":"Bal\u00f2"},"image":{"@id":"https:\/\/www.balo.it\/#\/schema\/logo\/image\/"}},{"@type":"Person","@id":"https:\/\/www.balo.it\/#\/schema\/person\/9854f3650eab7e4334e66d22de09296a","name":"admin","image":{"@type":"ImageObject","inLanguage":"en-GB","@id":"https:\/\/www.balo.it\/#\/schema\/person\/image\/","url":"https:\/\/secure.gravatar.com\/avatar\/7099061f845c777f9c8ac3e72786f0e72a923a593055c0b3d9795c14856c58f4?s=96&d=mm&r=g","contentUrl":"https:\/\/secure.gravatar.com\/avatar\/7099061f845c777f9c8ac3e72786f0e72a923a593055c0b3d9795c14856c58f4?s=96&d=mm&r=g","caption":"admin"},"sameAs":["http:\/\/www.balo.it"],"url":"https:\/\/www.balo.it\/en\/author\/admin\/"}]}},"_links":{"self":[{"href":"https:\/\/www.balo.it\/en\/wp-json\/wp\/v2\/posts\/1596","targetHints":{"allow":["GET"]}}],"collection":[{"href":"https:\/\/www.balo.it\/en\/wp-json\/wp\/v2\/posts"}],"about":[{"href":"https:\/\/www.balo.it\/en\/wp-json\/wp\/v2\/types\/post"}],"author":[{"embeddable":true,"href":"https:\/\/www.balo.it\/en\/wp-json\/wp\/v2\/users\/1"}],"replies":[{"embeddable":true,"href":"https:\/\/www.balo.it\/en\/wp-json\/wp\/v2\/comments?post=1596"}],"version-history":[{"count":0,"href":"https:\/\/www.balo.it\/en\/wp-json\/wp\/v2\/posts\/1596\/revisions"}],"wp:featuredmedia":[{"embeddable":true,"href":"https:\/\/www.balo.it\/en\/wp-json\/wp\/v2\/media\/1597"}],"wp:attachment":[{"href":"https:\/\/www.balo.it\/en\/wp-json\/wp\/v2\/media?parent=1596"}],"wp:term":[{"taxonomy":"category","embeddable":true,"href":"https:\/\/www.balo.it\/en\/wp-json\/wp\/v2\/categories?post=1596"},{"taxonomy":"post_tag","embeddable":true,"href":"https:\/\/www.balo.it\/en\/wp-json\/wp\/v2\/tags?post=1596"}],"curies":[{"name":"wp","href":"https:\/\/api.w.org\/{rel}","templated":true}]}}